{"id":83,"date":"2007-02-17T12:51:33","date_gmt":"2007-02-17T10:51:33","guid":{"rendered":"http:\/\/marcuspecht.de\/blog\/?p=91"},"modified":"2015-12-16T19:24:04","modified_gmt":"2015-12-16T19:24:04","slug":"zitate-von-horst-siebert","status":"publish","type":"post","link":"http:\/\/marcuspecht.de\/?p=83","title":{"rendered":"Zitate von Horst Siebert \u2026"},"content":{"rendered":"<p>Auf der LearnTec habe ich eine sehr beeindruckenden Vortrag von Herrn Prof. Horst Siebert geh\u00f6rt. Seine Ausf\u00fchrungen zum Thema Konstruktivismus und nachhaltige Kompetenzentwicklung beinhalteten einige Punkte so als:<\/p>\n<p>Definition von Kompetenz als Disposition Handlungen selbstorganisiert durchzuf\u00fchren. Kompetenz ist ein Konstrukt (beobachtungsabh\u00e4ngig). Kompetenzen sind kontextabh\u00e4ngig. Selbstorganisation ist eine dabei eine Schl\u00fcsselkompetenz.<\/p>\n<p>Herr Siebert beschreibt Konstruktivismus im Kontext der Vorl\u00e4ufer, Str\u00f6mungen, Schl\u00fcsselbgriffe, und der Anwendungen.<\/p>\n<p>Lernen ist vernetzt (biografisch, multimedial, perspektivisch, Kognition), reflexiv (Metakognition, intrinsische Motivation, Selbstevaluation), relevant (sinnvoll, authentisch, viabel, anschlussf\u00e4hig), sozial (Differenzwahrnehmung, Perturbation, Koevolution).<\/p>\n<p>Kompetenzentwicklung ist dann nachhaltig wenn sie an pers\u00f6nlich relevante Konzepte angeschlossen werden k\u00f6nnen. (Kompetenzen als Denk- F\u00fchl- Verhaltensprogramme)<\/p>\n","protected":false},"excerpt":{"rendered":"<p>Auf der LearnTec habe ich eine sehr beeindruckenden Vortrag von Herrn Prof. Horst Siebert geh\u00f6rt. Seine Ausf\u00fchrungen zum Thema Konstruktivismus und nachhaltige Kompetenzentwicklung beinhalteten einige Punkte so als: Definition von Kompetenz als Disposition Handlungen selbstorganisiert durchzuf\u00fchren. Kompetenz ist ein Konstrukt &hellip; <a href=\"http:\/\/marcuspecht.de\/?p=83\">Continue reading <span class=\"meta-nav\">&rarr;<\/span><\/a><\/p>\n","protected":false},"author":12,"featured_media":0,"comment_status":"open","ping_status":"open","sticky":false,"template":"","format":"standard","meta":{"footnotes":""},"categories":[4],"tags":[],"_links":{"self":[{"href":"http:\/\/marcuspecht.de\/index.php?rest_route=\/wp\/v2\/posts\/83"}],"collection":[{"href":"http:\/\/marcuspecht.de\/index.php?rest_route=\/wp\/v2\/posts"}],"about":[{"href":"http:\/\/marcuspecht.de\/index.php?rest_route=\/wp\/v2\/types\/post"}],"author":[{"embeddable":true,"href":"http:\/\/marcuspecht.de\/index.php?rest_route=\/wp\/v2\/users\/12"}],"replies":[{"embeddable":true,"href":"http:\/\/marcuspecht.de\/index.php?rest_route=%2Fwp%2Fv2%2Fcomments&post=83"}],"version-history":[{"count":1,"href":"http:\/\/marcuspecht.de\/index.php?rest_route=\/wp\/v2\/posts\/83\/revisions"}],"predecessor-version":[{"id":1430,"href":"http:\/\/marcuspecht.de\/index.php?rest_route=\/wp\/v2\/posts\/83\/revisions\/1430"}],"wp:attachment":[{"href":"http:\/\/marcuspecht.de\/index.php?rest_route=%2Fwp%2Fv2%2Fmedia&parent=83"}],"wp:term":[{"taxonomy":"category","embeddable":true,"href":"http:\/\/marcuspecht.de\/index.php?rest_route=%2Fwp%2Fv2%2Fcategories&post=83"},{"taxonomy":"post_tag","embeddable":true,"href":"http:\/\/marcuspecht.de\/index.php?rest_route=%2Fwp%2Fv2%2Ftags&post=83"}],"curies":[{"name":"wp","href":"https:\/\/api.w.org\/{rel}","templated":true}]}}